{"id":928,"date":"2021-03-14T14:38:04","date_gmt":"2021-03-14T14:38:04","guid":{"rendered":"https:\/\/liebe-voll-leben.com\/?p=928"},"modified":"2021-03-14T14:38:04","modified_gmt":"2021-03-14T14:38:04","slug":"thats-me","status":"publish","type":"post","link":"https:\/\/liebe-voll-leben.com\/?p=928","title":{"rendered":"That\u00b4s me!"},"content":{"rendered":"\n<p><\/p>\n\n\n\n<div class=\"wp-block-cover alignleft has-background-dim\" style=\"min-height:100vh\"><img loading=\"lazy\" width=\"1920\" height=\"2560\" class=\"wp-block-cover__image-background wp-image-929\" alt=\"\" src=\"https:\/\/liebe-voll-leben.com\/wp-content\/uploads\/2021\/03\/IMG_2215_jpg-scaled.jpg\" data-object-fit=\"cover\" srcset=\"https:\/\/liebe-voll-leben.com\/wp-content\/uploads\/2021\/03\/IMG_2215_jpg-scaled.jpg 1920w, https:\/\/liebe-voll-leben.com\/wp-content\/uploads\/2021\/03\/IMG_2215_jpg-225x300.jpg 225w, https:\/\/liebe-voll-leben.com\/wp-content\/uploads\/2021\/03\/IMG_2215_jpg-768x1024.jpg 768w, https:\/\/liebe-voll-leben.com\/wp-content\/uploads\/2021\/03\/IMG_2215_jpg-1152x1536.jpg 1152w, https:\/\/liebe-voll-leben.com\/wp-content\/uploads\/2021\/03\/IMG_2215_jpg-1536x2048.jpg 1536w, https:\/\/liebe-voll-leben.com\/wp-content\/uploads\/2021\/03\/IMG_2215_jpg-1140x1520.jpg 1140w\" sizes=\"(max-width: 1920px) 100vw, 1920px\" \/><div class=\"wp-block-cover__inner-container\">\n<p><\/p>\n\n\n\n<p><\/p>\n\n\n\n<p><\/p>\n\n\n\n<p><\/p>\n\n\n\n<p><\/p>\n\n\n\n<p><\/p>\n\n\n\n<p><\/p>\n\n\n\n<p><\/p>\n\n\n\n<p><\/p>\n\n\n\n<p><\/p>\n\n\n\n<blockquote class=\"wp-block-quote\"><p>&#8222;Wenn die Menschen verstehen w\u00fcrden, dass wir alle mit Allem und Jedem verbunden sind und wenn die Menschen wieder in Liebe k\u00e4men, dann w\u00e4re unsere Welt ein sehr viel sch\u00f6nerer Ort!&#8220;<\/p><cite>Anne Nitzsche<\/cite><\/blockquote>\n<\/div><\/div>\n\n\n\n<blockquote class=\"wp-block-quote has-text-align-center\"><p>Ich bin unterwegs diese Gedanken in die Welt zu tragen. Ich m\u00f6chte mit diesen beiden einfachen Grunds\u00e4tzen etwas bewegen. Es gibt so viele Probleme auf unserem Planeten, die gel\u00f6st werden k\u00f6nnten, wenn die Menschen wieder aus Liebe handeln w\u00fcrden.<\/p><p>Die Menschen h\u00e4tten so viel mehr Energie zur Verf\u00fcgung, wenn sie ihren seelischen Rucksack leeren w\u00fcrden. Wer in Liebe mit allem verbunden ist, der wird von sich aus ein nat\u00fcrliches Interesse daran haben, sich selbst und seine Umwelt zu erhalten und liebevoll und achtsam mit seinen Mitmenschen umzugehen.<\/p><p>Diese Mission verfolge ich aus Liebe zu meinen beiden Kindern, zu mir selbst und allen Bewohnern und der unfassbar sch\u00f6nen Natur unseres Planeten.<\/p><cite><strong><em>alles Liebe Anne <\/em><\/strong><\/cite><\/blockquote>\n","protected":false},"excerpt":{"rendered":"<p>Ich bin unterwegs diese Gedanken in die Welt zu tragen. Ich m\u00f6chte mit diesen beiden einfachen Grunds\u00e4tzen etwas bewegen. Es gibt so viele Probleme auf unserem Planeten, die gel\u00f6st werden k\u00f6nnten, wenn die Menschen wieder aus Liebe handeln w\u00fcrden. Die Menschen h\u00e4tten so viel mehr Energie zur Verf\u00fcgung, wenn sie ihren seelischen Rucksack leeren w\u00fcrden. Wer in Liebe mit allem verbunden ist, der wird von sich aus ein nat\u00fcrliches Interesse daran haben, sich selbst und seine Umwelt zu erhalten und liebevoll und achtsam mit seinen Mitmenschen umzugehen. Diese Mission verfolge ich aus Liebe zu meinen beiden Kindern, zu mir selbst und allen Bewohnern und der unfassbar sch\u00f6nen Natur unseres Planeten. alles Liebe Anne<\/p>\n","protected":false},"author":1,"featured_media":0,"comment_status":"open","ping_status":"open","sticky":false,"template":"","format":"standard","meta":[],"categories":[1],"tags":[61,62],"yoast_head":"<!-- This site is optimized with the Yoast SEO plugin v15.9.2 - https:\/\/yoast.com\/wordpress\/plugins\/seo\/ -->\n<title>That\u00b4s me! - Liebe Voll Leben<\/title>\n<link rel=\"canonical\" href=\"https:\/\/liebe-voll-leben.com\/?p=928\" \/>\n<meta property=\"og:locale\" content=\"de_DE\" \/>\n<meta property=\"og:type\" content=\"article\" \/>\n<meta property=\"og:title\" content=\"That\u00b4s me! - Liebe Voll Leben\" \/>\n<meta property=\"og:description\" content=\"Ich bin unterwegs diese Gedanken in die Welt zu tragen. Ich m\u00f6chte mit diesen beiden einfachen Grunds\u00e4tzen etwas bewegen. Es gibt so viele Probleme auf unserem Planeten, die gel\u00f6st werden k\u00f6nnten, wenn die Menschen wieder aus Liebe handeln w\u00fcrden. Die Menschen h\u00e4tten so viel mehr Energie zur Verf\u00fcgung, wenn sie ihren seelischen Rucksack leeren w\u00fcrden. Wer in Liebe mit allem verbunden ist, der wird von sich aus ein nat\u00fcrliches Interesse daran haben, sich selbst und seine Umwelt zu erhalten und liebevoll und achtsam mit seinen Mitmenschen umzugehen. Diese Mission verfolge ich aus Liebe zu meinen beiden Kindern, zu mir selbst und allen Bewohnern und der unfassbar sch\u00f6nen Natur unseres Planeten. alles Liebe Anne\" \/>\n<meta property=\"og:url\" content=\"https:\/\/liebe-voll-leben.com\/?p=928\" \/>\n<meta property=\"og:site_name\" content=\"Liebe Voll Leben\" \/>\n<meta property=\"article:published_time\" content=\"2021-03-14T14:38:04+00:00\" \/>\n<meta property=\"og:image\" content=\"https:\/\/liebe-voll-leben.com\/wp-content\/uploads\/2021\/03\/IMG_2215_jpg-scaled.jpg\" \/>\n<meta name=\"twitter:card\" content=\"summary_large_image\" \/>\n<meta name=\"twitter:label1\" content=\"Gesch\u00e4tzte Lesezeit\">\n\t<meta name=\"twitter:data1\" content=\"1\u00a0Minute\">\n<script type=\"application\/ld+json\" class=\"yoast-schema-graph\">{\"@context\":\"https:\/\/schema.org\",\"@graph\":[{\"@type\":\"WebSite\",\"@id\":\"https:\/\/liebe-voll-leben.com\/#website\",\"url\":\"https:\/\/liebe-voll-leben.com\/\",\"name\":\"Liebe Voll Leben\",\"description\":\"In die eigene Kraft kommen und die Liebe maximieren\",\"potentialAction\":[{\"@type\":\"SearchAction\",\"target\":\"https:\/\/liebe-voll-leben.com\/?s={search_term_string}\",\"query-input\":\"required name=search_term_string\"}],\"inLanguage\":\"de\"},{\"@type\":\"ImageObject\",\"@id\":\"https:\/\/liebe-voll-leben.com\/?p=928#primaryimage\",\"inLanguage\":\"de\",\"url\":\"https:\/\/liebe-voll-leben.com\/wp-content\/uploads\/2021\/03\/IMG_2215_jpg-scaled.jpg\"},{\"@type\":\"WebPage\",\"@id\":\"https:\/\/liebe-voll-leben.com\/?p=928#webpage\",\"url\":\"https:\/\/liebe-voll-leben.com\/?p=928\",\"name\":\"That\\u00b4s me! - Liebe Voll Leben\",\"isPartOf\":{\"@id\":\"https:\/\/liebe-voll-leben.com\/#website\"},\"primaryImageOfPage\":{\"@id\":\"https:\/\/liebe-voll-leben.com\/?p=928#primaryimage\"},\"datePublished\":\"2021-03-14T14:38:04+00:00\",\"dateModified\":\"2021-03-14T14:38:04+00:00\",\"author\":{\"@id\":\"https:\/\/liebe-voll-leben.com\/#\/schema\/person\/46950beb911e4a2d4ce4f1d9ee2619b8\"},\"breadcrumb\":{\"@id\":\"https:\/\/liebe-voll-leben.com\/?p=928#breadcrumb\"},\"inLanguage\":\"de\",\"potentialAction\":[{\"@type\":\"ReadAction\",\"target\":[\"https:\/\/liebe-voll-leben.com\/?p=928\"]}]},{\"@type\":\"BreadcrumbList\",\"@id\":\"https:\/\/liebe-voll-leben.com\/?p=928#breadcrumb\",\"itemListElement\":[{\"@type\":\"ListItem\",\"position\":1,\"item\":{\"@type\":\"WebPage\",\"@id\":\"https:\/\/liebe-voll-leben.com\/\",\"url\":\"https:\/\/liebe-voll-leben.com\/\",\"name\":\"Startseite\"}},{\"@type\":\"ListItem\",\"position\":2,\"item\":{\"@type\":\"WebPage\",\"@id\":\"https:\/\/liebe-voll-leben.com\/?p=928\",\"url\":\"https:\/\/liebe-voll-leben.com\/?p=928\",\"name\":\"That\\u00b4s me!\"}}]},{\"@type\":\"Person\",\"@id\":\"https:\/\/liebe-voll-leben.com\/#\/schema\/person\/46950beb911e4a2d4ce4f1d9ee2619b8\",\"name\":\"annenitzsche\",\"image\":{\"@type\":\"ImageObject\",\"@id\":\"https:\/\/liebe-voll-leben.com\/#personlogo\",\"inLanguage\":\"de\",\"url\":\"https:\/\/secure.gravatar.com\/avatar\/826448bf1cd4f835e25bf1ddf197039a?s=96&d=mm&r=g\",\"caption\":\"annenitzsche\"}}]}<\/script>\n<!-- \/ Yoast SEO plugin. -->","_links":{"self":[{"href":"https:\/\/liebe-voll-leben.com\/index.php?rest_route=\/wp\/v2\/posts\/928"}],"collection":[{"href":"https:\/\/liebe-voll-leben.com\/index.php?rest_route=\/wp\/v2\/posts"}],"about":[{"href":"https:\/\/liebe-voll-leben.com\/index.php?rest_route=\/wp\/v2\/types\/post"}],"author":[{"embeddable":true,"href":"https:\/\/liebe-voll-leben.com\/index.php?rest_route=\/wp\/v2\/users\/1"}],"replies":[{"embeddable":true,"href":"https:\/\/liebe-voll-leben.com\/index.php?rest_route=%2Fwp%2Fv2%2Fcomments&post=928"}],"version-history":[{"count":1,"href":"https:\/\/liebe-voll-leben.com\/index.php?rest_route=\/wp\/v2\/posts\/928\/revisions"}],"predecessor-version":[{"id":930,"href":"https:\/\/liebe-voll-leben.com\/index.php?rest_route=\/wp\/v2\/posts\/928\/revisions\/930"}],"wp:attachment":[{"href":"https:\/\/liebe-voll-leben.com\/index.php?rest_route=%2Fwp%2Fv2%2Fmedia&parent=928"}],"wp:term":[{"taxonomy":"category","embeddable":true,"href":"https:\/\/liebe-voll-leben.com\/index.php?rest_route=%2Fwp%2Fv2%2Fcategories&post=928"},{"taxonomy":"post_tag","embeddable":true,"href":"https:\/\/liebe-voll-leben.com\/index.php?rest_route=%2Fwp%2Fv2%2Ftags&post=928"}],"curies":[{"name":"wp","href":"https:\/\/api.w.org\/{rel}","templated":true}]}}