{"id":837,"date":"2020-03-21T15:12:47","date_gmt":"2020-03-21T15:12:47","guid":{"rendered":"http:\/\/blog.liebe-voll-leben.com\/?p=837"},"modified":"2020-03-21T18:07:25","modified_gmt":"2020-03-21T18:07:25","slug":"was-dir-jetzt-in-der-corona-zeit-helfen-kann-einen-klaren-verstand-und-ein-fittes-immunsystem-zu-bewahren","status":"publish","type":"post","link":"https:\/\/liebe-voll-leben.com\/?p=837","title":{"rendered":"Was Dir jetzt in der Corona-Zeit helfen kann, einen klaren Verstand und ein fittes Immunsystem zu bewahren!"},"content":{"rendered":"\n<p>Eigentlich sitze ich schon seit Wochen daran, mir Podcast Themen f\u00fcr Euch auszudenken und die Berichte dazu auszuarbeiten. Ich wollte Dir alles m\u00f6gliche \u00fcber die systemische Familienaufstellung und ihren einzelnen Bereiche erkl\u00e4ren und Dir Tipps geben, wie Du aus pers\u00f6nlichen Lebenskrisen heraus kommst und schwups &#8211; ist die Krise da, f\u00fcr alle von uns. Die meisten Menschen empfinden die momentane Situation als gro\u00dfe Belastung. \u00c4ngste und Sorgen mischen sich unter die Belastung, die man eh schon hat, wenn man mit Kindern ans Haus gefesselt ist.<\/p>\n\n\n\n<div class=\"wp-block-media-text alignwide has-media-on-the-right is-vertically-aligned-center\"><figure class=\"wp-block-media-text__media\"><img loading=\"lazy\" width=\"768\" height=\"1024\" src=\"http:\/\/blog.liebe-voll-leben.com\/wp-content\/uploads\/2020\/03\/630A1C27-DCD3-402C-A992-61B49319ED4D-768x1024.jpeg\" alt=\"\" class=\"wp-image-840\" srcset=\"https:\/\/liebe-voll-leben.com\/wp-content\/uploads\/2020\/03\/630A1C27-DCD3-402C-A992-61B49319ED4D-768x1024.jpeg 768w, https:\/\/liebe-voll-leben.com\/wp-content\/uploads\/2020\/03\/630A1C27-DCD3-402C-A992-61B49319ED4D-225x300.jpeg 225w, https:\/\/liebe-voll-leben.com\/wp-content\/uploads\/2020\/03\/630A1C27-DCD3-402C-A992-61B49319ED4D-1152x1536.jpeg 1152w, https:\/\/liebe-voll-leben.com\/wp-content\/uploads\/2020\/03\/630A1C27-DCD3-402C-A992-61B49319ED4D-1536x2048.jpeg 1536w, https:\/\/liebe-voll-leben.com\/wp-content\/uploads\/2020\/03\/630A1C27-DCD3-402C-A992-61B49319ED4D-1140x1520.jpeg 1140w, https:\/\/liebe-voll-leben.com\/wp-content\/uploads\/2020\/03\/630A1C27-DCD3-402C-A992-61B49319ED4D-scaled.jpeg 1920w\" sizes=\"(max-width: 768px) 100vw, 768px\" \/><\/figure><div class=\"wp-block-media-text__content\">\n<p class=\"has-large-font-size\">Ein kostbarer Schatz im Garten<\/p>\n<\/div><\/div>\n\n\n\n<p>Aus diesem Grund habe ich mich dazu entschieden, meine bisherigen Projekte uns systemischen Themen erst mal zu pausieren und Euch statt dessen Beitr\u00e4ge zu erstellen, die Euch im Moment mehr helfen k\u00f6nnen. Deshalb m\u00f6chte ich Euch jetzt regelm\u00e4\u00dfig ein paar Beitr\u00e4ge zum alten Wissen der Heilpflanzen und der Kr\u00e4uter zu liefern. Das Aufhalten in der Natur erdet und liefert wertvolle Zeit mit den Kindern. Die frische Luft draussen tut uns allen gut und auch die Verarbeitung der Kr\u00e4uter macht Spass und liefert Abwechslung und einen Lerneffekt f\u00fcr die Kinder. Ich bin mit diesem Wissen aufgewachsen, da meine Mutter als Heilpraktikerin viel an mich weiter gegeben hat und sich sehr gut mit Heilpflanzen und deren Anwendungen auskennt. Ich lese aber auch gerne die \u00dcberlieferungen von Maria Treben, die meinen Horizont der Heilpflanzenkunde immer wieder noch erweitert und ich bin froh, wenn auch ich meinen Kindern etwas von diesem Wissen mitgeben kann. Vielleicht inspiriert es Dich ja auch und hilft Dir gerade jetzt Dein Immunsystem zu boosten. So kommen wir m\u00f6glichst gesund durch diese chaotische Zeit und haben gleichzeitig noch eine gute Sache, die wir mit unseren Kindern machen k\u00f6nnen, w\u00e4hrend die Bewegungsm\u00f6glichkeit noch so stark eingeschr\u00e4nkt ist, wie im Moment.<\/p>\n\n\n\n<p>Beginnen m\u00f6chte ich heute mit der Brennessel, die ich heute  Morgen im Garten als zarte Pfl\u00e4nzchen, gefunden habe. Sie wird auch als die \u201eK\u00f6nigin der Kr\u00e4uter\u201c bezeichnet. Die Brennessel, kann man wunderbar am Stiel abzupfen. Wenn die H\u00e4nde die Bl\u00e4tter nicht ber\u00fchren, brennt es auch nicht. Jedoch sollte man wissen, dass sich in den Brennhaaren Histamin, Serotonin und Acetylcholin befinden. Ist also nicht so schlimm, wenn`s mal brennt. Die Brennessel ist eine sehr wertvolle Heilpflanze, die besonders im Fr\u00fchjahr Deine Entschlackung f\u00f6rdern kann. Sie wirkt entw\u00e4ssernd, leicht harntreibend, entz\u00fcndungshemmend und hat einen sehr hohen Gehalt an Vitamin B, C, E, und K. Zudem hat sie einen sehr hohen Gehalt an Kiesels\u00e4ure und Eisen. Sozusagen ein toller Alrounder f\u00fcr Dein Immunsystem! Auch die Samen der Brennessel sorgen im August f\u00fcr einen wahren Schatz, denn der Gehalt an Vitamin E ist betr\u00e4chtlich und ist ein tolles Mittel um das Haarwachstum zu f\u00f6rdern und die Haare gl\u00e4nzen zu lassen. Ich esse die kleinen Samen sehr gerne als Topping auf M\u00fcslis oder Salaten und mag den Crunch der kleinen K\u00fcgelchen.<\/p>\n\n\n\n<figure class=\"wp-block-gallery columns-2 is-cropped\"><ul class=\"blocks-gallery-grid\"><li class=\"blocks-gallery-item\"><figure><img loading=\"lazy\" width=\"1024\" height=\"864\" src=\"http:\/\/blog.liebe-voll-leben.com\/wp-content\/uploads\/2020\/03\/2A3B8544-652B-44FA-BAEC-459CB8B8916C-1024x864.jpeg\" alt=\"\" data-id=\"841\" data-full-url=\"http:\/\/blog.liebe-voll-leben.com\/wp-content\/uploads\/2020\/03\/2A3B8544-652B-44FA-BAEC-459CB8B8916C-scaled.jpeg\" data-link=\"http:\/\/blog.liebe-voll-leben.com\/?attachment_id=841\" class=\"wp-image-841\" srcset=\"https:\/\/liebe-voll-leben.com\/wp-content\/uploads\/2020\/03\/2A3B8544-652B-44FA-BAEC-459CB8B8916C-1024x864.jpeg 1024w, https:\/\/liebe-voll-leben.com\/wp-content\/uploads\/2020\/03\/2A3B8544-652B-44FA-BAEC-459CB8B8916C-300x253.jpeg 300w, https:\/\/liebe-voll-leben.com\/wp-content\/uploads\/2020\/03\/2A3B8544-652B-44FA-BAEC-459CB8B8916C-768x648.jpeg 768w, https:\/\/liebe-voll-leben.com\/wp-content\/uploads\/2020\/03\/2A3B8544-652B-44FA-BAEC-459CB8B8916C-1536x1296.jpeg 1536w, https:\/\/liebe-voll-leben.com\/wp-content\/uploads\/2020\/03\/2A3B8544-652B-44FA-BAEC-459CB8B8916C-2048x1728.jpeg 2048w, https:\/\/liebe-voll-leben.com\/wp-content\/uploads\/2020\/03\/2A3B8544-652B-44FA-BAEC-459CB8B8916C-1140x962.jpeg 1140w\" sizes=\"(max-width: 1024px) 100vw, 1024px\" \/><\/figure><\/li><li class=\"blocks-gallery-item\"><figure><img loading=\"lazy\" width=\"882\" height=\"1024\" src=\"http:\/\/blog.liebe-voll-leben.com\/wp-content\/uploads\/2020\/03\/6164170C-6CF0-4E20-9CF2-67C0F1D9D953-882x1024.jpeg\" alt=\"\" data-id=\"842\" data-full-url=\"http:\/\/blog.liebe-voll-leben.com\/wp-content\/uploads\/2020\/03\/6164170C-6CF0-4E20-9CF2-67C0F1D9D953-scaled.jpeg\" data-link=\"http:\/\/blog.liebe-voll-leben.com\/?attachment_id=842\" class=\"wp-image-842\" srcset=\"https:\/\/liebe-voll-leben.com\/wp-content\/uploads\/2020\/03\/6164170C-6CF0-4E20-9CF2-67C0F1D9D953-882x1024.jpeg 882w, https:\/\/liebe-voll-leben.com\/wp-content\/uploads\/2020\/03\/6164170C-6CF0-4E20-9CF2-67C0F1D9D953-258x300.jpeg 258w, https:\/\/liebe-voll-leben.com\/wp-content\/uploads\/2020\/03\/6164170C-6CF0-4E20-9CF2-67C0F1D9D953-768x892.jpeg 768w, https:\/\/liebe-voll-leben.com\/wp-content\/uploads\/2020\/03\/6164170C-6CF0-4E20-9CF2-67C0F1D9D953-1323x1536.jpeg 1323w, https:\/\/liebe-voll-leben.com\/wp-content\/uploads\/2020\/03\/6164170C-6CF0-4E20-9CF2-67C0F1D9D953-1764x2048.jpeg 1764w, https:\/\/liebe-voll-leben.com\/wp-content\/uploads\/2020\/03\/6164170C-6CF0-4E20-9CF2-67C0F1D9D953-1140x1324.jpeg 1140w\" sizes=\"(max-width: 882px) 100vw, 882px\" \/><\/figure><\/li><\/ul><\/figure>\n\n\n\n<p>Ich verarbeite die ganz junge Brennessel gerne zu Smoothies gemischt mit Obst, Zitrone, Ingwer und anderen Kr\u00e4utern. Zudem ist ein Tee aus gekochten Brennesselbl\u00e4ttern ein tolles Entschlackungsmittel und wenn Du dann noch frische Zitrone, Ingwer und einen L\u00f6ffel Honig hinzuf\u00fcgst (ich nehme meinen Kurkuma-Honig) dann gibst Du Deinem Immunsystem den richtigen Kick! Dieser Kr\u00e4utereistee schmeckt auch hervorragend eisgek\u00fchlt im Sommer.<\/p>\n\n\n\n<p>Man kann auch gut einen Sud aus den Bl\u00e4ttern kochen und diesen als Haarsp\u00fclung (besonders f\u00fcr dunkle Haare!) verwenden. Die Haare gl\u00e4nzen, werden griffiger und das Haarwachstum wird gef\u00f6rdert. So spart man auch die Sp\u00fclung aus der Plastikflasche und hat eine nachhaltige, gesunde Alternative zu den Drogerie-Sp\u00fclungen. <\/p>\n\n\n\n<p>Viel Spass beim Ausprobieren. Wenn Du noch weitere Anwendungsm\u00f6glichkeiten f\u00fcr die Brennessel kennst, dann hinterlasse mir gerne Deinen Tipp. Ich freue mich auf neue Anregungen. Wenn Du in den n\u00e4chsten Tagen noch mehr Anregungen zu der Heilkraft der Kr\u00e4uter haben m\u00f6chtest, dann abonniere gerne meinen Blog, folge mir bei Instagram @liebe-voll-leben.com oder teile sehr gerne auch meine Videos an Freunde und Bekannte, die jetzt etwas Erdung und ein gutes Immunsystem gebrauchen k\u00f6nnen. Herzliche Gr\u00fc\u00dfe, Deine Anne<\/p>\n\n\n\n<figure class=\"wp-block-image size-large\"><img loading=\"lazy\" width=\"931\" height=\"1024\" src=\"http:\/\/blog.liebe-voll-leben.com\/wp-content\/uploads\/2020\/03\/36335D57-D619-419C-9351-DB55B442B92A-931x1024.jpeg\" alt=\"\" class=\"wp-image-843\" srcset=\"https:\/\/liebe-voll-leben.com\/wp-content\/uploads\/2020\/03\/36335D57-D619-419C-9351-DB55B442B92A-931x1024.jpeg 931w, https:\/\/liebe-voll-leben.com\/wp-content\/uploads\/2020\/03\/36335D57-D619-419C-9351-DB55B442B92A-273x300.jpeg 273w, https:\/\/liebe-voll-leben.com\/wp-content\/uploads\/2020\/03\/36335D57-D619-419C-9351-DB55B442B92A-768x845.jpeg 768w, https:\/\/liebe-voll-leben.com\/wp-content\/uploads\/2020\/03\/36335D57-D619-419C-9351-DB55B442B92A-1396x1536.jpeg 1396w, https:\/\/liebe-voll-leben.com\/wp-content\/uploads\/2020\/03\/36335D57-D619-419C-9351-DB55B442B92A-1862x2048.jpeg 1862w, https:\/\/liebe-voll-leben.com\/wp-content\/uploads\/2020\/03\/36335D57-D619-419C-9351-DB55B442B92A-1140x1254.jpeg 1140w\" sizes=\"(max-width: 931px) 100vw, 931px\" \/><figcaption>Zum Geschichten vorlesen genau das Richtige<\/figcaption><\/figure>\n\n\n\n<figure class=\"wp-block-video\"><\/figure>\n","protected":false},"excerpt":{"rendered":"<p>Eigentlich sitze ich schon seit Wochen daran, mir Podcast Themen f\u00fcr Euch auszudenken und die Berichte dazu auszuarbeiten. Ich wollte Dir alles m\u00f6gliche \u00fcber die systemische Familienaufstellung und ihren einzelnen Bereiche erkl\u00e4ren und Dir Tipps geben, wie Du aus pers\u00f6nlichen Lebenskrisen heraus kommst und schwups &#8211; ist die Krise da, f\u00fcr alle von uns. Die meisten Menschen empfinden die momentane Situation als gro\u00dfe Belastung. \u00c4ngste und Sorgen mischen sich unter die Belastung, die man eh schon hat, wenn man mit Kindern ans Haus gefesselt ist. Ein kostbarer Schatz im Garten Aus diesem Grund habe ich mich dazu entschieden, meine bisherigen Projekte uns systemischen Themen erst mal zu pausieren und Euch statt dessen Beitr\u00e4ge zu erstellen, die Euch im Moment mehr helfen k\u00f6nnen. Deshalb m\u00f6chte ich Euch jetzt regelm\u00e4\u00dfig ein paar Beitr\u00e4ge zum alten Wissen der Heilpflanzen und der Kr\u00e4uter zu liefern. Das Aufhalten in der Natur erdet und liefert wertvolle Zeit mit den Kindern. Die frische Luft draussen tut uns allen gut und auch die Verarbeitung der Kr\u00e4uter macht Spass und liefert Abwechslung und einen Lerneffekt f\u00fcr die Kinder. Ich bin mit diesem Wissen aufgewachsen, da meine Mutter als Heilpraktikerin viel an mich weiter gegeben hat und sich sehr gut mit Heilpflanzen und deren Anwendungen auskennt. Ich lese aber auch gerne die \u00dcberlieferungen von Maria Treben, die meinen Horizont der Heilpflanzenkunde immer wieder noch erweitert und ich bin froh, wenn auch ich meinen Kindern etwas von diesem Wissen mitgeben kann. Vielleicht inspiriert es Dich ja auch und hilft Dir gerade jetzt Dein Immunsystem zu boosten. So kommen wir m\u00f6glichst gesund durch diese chaotische Zeit und haben gleichzeitig noch eine gute Sache, die wir mit unseren Kindern machen k\u00f6nnen, w\u00e4hrend die Bewegungsm\u00f6glichkeit noch so stark eingeschr\u00e4nkt ist, wie im Moment. Beginnen m\u00f6chte ich heute mit der Brennessel, die ich heute Morgen im Garten als zarte Pfl\u00e4nzchen, gefunden habe. Sie wird auch als die \u201eK\u00f6nigin der Kr\u00e4uter\u201c bezeichnet. Die Brennessel, kann man wunderbar am Stiel abzupfen. Wenn die H\u00e4nde die Bl\u00e4tter nicht ber\u00fchren, brennt es auch nicht. Jedoch sollte man wissen, dass sich in den Brennhaaren Histamin, Serotonin und Acetylcholin befinden. Ist also nicht so schlimm, wenn`s mal brennt. Die Brennessel ist eine sehr wertvolle Heilpflanze, die besonders im Fr\u00fchjahr Deine Entschlackung f\u00f6rdern kann. Sie wirkt entw\u00e4ssernd, leicht harntreibend, entz\u00fcndungshemmend und hat einen sehr hohen Gehalt an Vitamin B, C, E, und K. Zudem hat sie einen sehr hohen Gehalt an Kiesels\u00e4ure und Eisen. Sozusagen ein toller Alrounder f\u00fcr Dein Immunsystem! Auch die Samen der Brennessel sorgen im August f\u00fcr einen wahren Schatz, denn der Gehalt an Vitamin E ist betr\u00e4chtlich und ist ein tolles Mittel um das Haarwachstum zu f\u00f6rdern und die Haare gl\u00e4nzen zu lassen. Ich esse die kleinen Samen sehr gerne als Topping auf M\u00fcslis oder Salaten und mag den Crunch der kleinen K\u00fcgelchen. Ich verarbeite die ganz junge Brennessel gerne zu Smoothies gemischt mit Obst, Zitrone, Ingwer und anderen Kr\u00e4utern. Zudem ist ein Tee aus gekochten Brennesselbl\u00e4ttern ein tolles Entschlackungsmittel und wenn Du dann noch frische Zitrone, Ingwer und einen L\u00f6ffel Honig hinzuf\u00fcgst (ich nehme meinen Kurkuma-Honig) dann gibst Du Deinem Immunsystem den richtigen Kick! Dieser Kr\u00e4utereistee schmeckt auch hervorragend eisgek\u00fchlt im Sommer. Man kann auch gut einen Sud aus den Bl\u00e4ttern kochen und diesen als Haarsp\u00fclung (besonders f\u00fcr dunkle Haare!) verwenden. Die Haare gl\u00e4nzen, werden griffiger und das Haarwachstum wird gef\u00f6rdert. So spart man auch die Sp\u00fclung aus der Plastikflasche und hat eine nachhaltige, gesunde Alternative zu den Drogerie-Sp\u00fclungen. Viel Spass beim Ausprobieren. Wenn Du noch weitere Anwendungsm\u00f6glichkeiten f\u00fcr die Brennessel kennst, dann hinterlasse mir gerne Deinen Tipp. Ich freue mich auf neue Anregungen. Wenn Du in den n\u00e4chsten Tagen noch mehr Anregungen zu der Heilkraft der Kr\u00e4uter haben m\u00f6chtest, dann abonniere gerne meinen Blog, folge mir bei Instagram @liebe-voll-leben.com oder teile sehr gerne auch meine Videos an Freunde und Bekannte, die jetzt etwas Erdung und ein gutes Immunsystem gebrauchen k\u00f6nnen. Herzliche Gr\u00fc\u00dfe, Deine Anne<\/p>\n","protected":false},"author":1,"featured_media":0,"comment_status":"open","ping_status":"open","sticky":true,"template":"","format":"standard","meta":[],"categories":[1,22,24,26],"tags":[],"yoast_head":"<!-- This site is optimized with the Yoast SEO plugin v15.9.2 - https:\/\/yoast.com\/wordpress\/plugins\/seo\/ -->\n<title>Was Dir jetzt in der Corona-Zeit helfen kann, einen klaren Verstand und ein fittes Immunsystem zu bewahren! - Liebe Voll Leben<\/title>\n<link rel=\"canonical\" href=\"https:\/\/liebe-voll-leben.com\/?p=837\" \/>\n<meta property=\"og:locale\" content=\"de_DE\" \/>\n<meta property=\"og:type\" content=\"article\" \/>\n<meta property=\"og:title\" content=\"Was Dir jetzt in der Corona-Zeit helfen kann, einen klaren Verstand und ein fittes Immunsystem zu bewahren! - Liebe Voll Leben\" \/>\n<meta property=\"og:description\" content=\"Eigentlich sitze ich schon seit Wochen daran, mir Podcast Themen f\u00fcr Euch auszudenken und die Berichte dazu auszuarbeiten. Ich wollte Dir alles m\u00f6gliche \u00fcber die systemische Familienaufstellung und ihren einzelnen Bereiche erkl\u00e4ren und Dir Tipps geben, wie Du aus pers\u00f6nlichen Lebenskrisen heraus kommst und schwups &#8211; ist die Krise da, f\u00fcr alle von uns. Die meisten Menschen empfinden die momentane Situation als gro\u00dfe Belastung. \u00c4ngste und Sorgen mischen sich unter die Belastung, die man eh schon hat, wenn man mit Kindern ans Haus gefesselt ist. Ein kostbarer Schatz im Garten Aus diesem Grund habe ich mich dazu entschieden, meine bisherigen Projekte uns systemischen Themen erst mal zu pausieren und Euch statt dessen Beitr\u00e4ge zu erstellen, die Euch im Moment mehr helfen k\u00f6nnen. Deshalb m\u00f6chte ich Euch jetzt regelm\u00e4\u00dfig ein paar Beitr\u00e4ge zum alten Wissen der Heilpflanzen und der Kr\u00e4uter zu liefern. Das Aufhalten in der Natur erdet und liefert wertvolle Zeit mit den Kindern. Die frische Luft draussen tut uns allen gut und auch die Verarbeitung der Kr\u00e4uter macht Spass und liefert Abwechslung und einen Lerneffekt f\u00fcr die Kinder. Ich bin mit diesem Wissen aufgewachsen, da meine Mutter als Heilpraktikerin viel an mich weiter gegeben hat und sich sehr gut mit Heilpflanzen und deren Anwendungen auskennt. Ich lese aber auch gerne die \u00dcberlieferungen von Maria Treben, die meinen Horizont der Heilpflanzenkunde immer wieder noch erweitert und ich bin froh, wenn auch ich meinen Kindern etwas von diesem Wissen mitgeben kann. Vielleicht inspiriert es Dich ja auch und hilft Dir gerade jetzt Dein Immunsystem zu boosten. So kommen wir m\u00f6glichst gesund durch diese chaotische Zeit und haben gleichzeitig noch eine gute Sache, die wir mit unseren Kindern machen k\u00f6nnen, w\u00e4hrend die Bewegungsm\u00f6glichkeit noch so stark eingeschr\u00e4nkt ist, wie im Moment. Beginnen m\u00f6chte ich heute mit der Brennessel, die ich heute Morgen im Garten als zarte Pfl\u00e4nzchen, gefunden habe. Sie wird auch als die \u201eK\u00f6nigin der Kr\u00e4uter\u201c bezeichnet. Die Brennessel, kann man wunderbar am Stiel abzupfen. Wenn die H\u00e4nde die Bl\u00e4tter nicht ber\u00fchren, brennt es auch nicht. Jedoch sollte man wissen, dass sich in den Brennhaaren Histamin, Serotonin und Acetylcholin befinden. Ist also nicht so schlimm, wenn`s mal brennt. Die Brennessel ist eine sehr wertvolle Heilpflanze, die besonders im Fr\u00fchjahr Deine Entschlackung f\u00f6rdern kann. Sie wirkt entw\u00e4ssernd, leicht harntreibend, entz\u00fcndungshemmend und hat einen sehr hohen Gehalt an Vitamin B, C, E, und K. Zudem hat sie einen sehr hohen Gehalt an Kiesels\u00e4ure und Eisen. Sozusagen ein toller Alrounder f\u00fcr Dein Immunsystem! Auch die Samen der Brennessel sorgen im August f\u00fcr einen wahren Schatz, denn der Gehalt an Vitamin E ist betr\u00e4chtlich und ist ein tolles Mittel um das Haarwachstum zu f\u00f6rdern und die Haare gl\u00e4nzen zu lassen. Ich esse die kleinen Samen sehr gerne als Topping auf M\u00fcslis oder Salaten und mag den Crunch der kleinen K\u00fcgelchen. Ich verarbeite die ganz junge Brennessel gerne zu Smoothies gemischt mit Obst, Zitrone, Ingwer und anderen Kr\u00e4utern. Zudem ist ein Tee aus gekochten Brennesselbl\u00e4ttern ein tolles Entschlackungsmittel und wenn Du dann noch frische Zitrone, Ingwer und einen L\u00f6ffel Honig hinzuf\u00fcgst (ich nehme meinen Kurkuma-Honig) dann gibst Du Deinem Immunsystem den richtigen Kick! Dieser Kr\u00e4utereistee schmeckt auch hervorragend eisgek\u00fchlt im Sommer. Man kann auch gut einen Sud aus den Bl\u00e4ttern kochen und diesen als Haarsp\u00fclung (besonders f\u00fcr dunkle Haare!) verwenden. Die Haare gl\u00e4nzen, werden griffiger und das Haarwachstum wird gef\u00f6rdert. So spart man auch die Sp\u00fclung aus der Plastikflasche und hat eine nachhaltige, gesunde Alternative zu den Drogerie-Sp\u00fclungen. Viel Spass beim Ausprobieren. Wenn Du noch weitere Anwendungsm\u00f6glichkeiten f\u00fcr die Brennessel kennst, dann hinterlasse mir gerne Deinen Tipp. Ich freue mich auf neue Anregungen. Wenn Du in den n\u00e4chsten Tagen noch mehr Anregungen zu der Heilkraft der Kr\u00e4uter haben m\u00f6chtest, dann abonniere gerne meinen Blog, folge mir bei Instagram @liebe-voll-leben.com oder teile sehr gerne auch meine Videos an Freunde und Bekannte, die jetzt etwas Erdung und ein gutes Immunsystem gebrauchen k\u00f6nnen. Herzliche Gr\u00fc\u00dfe, Deine Anne\" \/>\n<meta property=\"og:url\" content=\"https:\/\/liebe-voll-leben.com\/?p=837\" \/>\n<meta property=\"og:site_name\" content=\"Liebe Voll Leben\" \/>\n<meta property=\"article:published_time\" content=\"2020-03-21T15:12:47+00:00\" \/>\n<meta property=\"article:modified_time\" content=\"2020-03-21T18:07:25+00:00\" \/>\n<meta property=\"og:image\" content=\"http:\/\/blog.liebe-voll-leben.com\/wp-content\/uploads\/2020\/03\/630A1C27-DCD3-402C-A992-61B49319ED4D-768x1024.jpeg\" \/>\n<meta name=\"twitter:card\" content=\"summary_large_image\" \/>\n<meta name=\"twitter:label1\" content=\"Gesch\u00e4tzte Lesezeit\">\n\t<meta name=\"twitter:data1\" content=\"4\u00a0Minuten\">\n<script type=\"application\/ld+json\" class=\"yoast-schema-graph\">{\"@context\":\"https:\/\/schema.org\",\"@graph\":[{\"@type\":\"WebSite\",\"@id\":\"https:\/\/liebe-voll-leben.com\/#website\",\"url\":\"https:\/\/liebe-voll-leben.com\/\",\"name\":\"Liebe Voll Leben\",\"description\":\"In die eigene Kraft kommen und die Liebe maximieren\",\"potentialAction\":[{\"@type\":\"SearchAction\",\"target\":\"https:\/\/liebe-voll-leben.com\/?s={search_term_string}\",\"query-input\":\"required name=search_term_string\"}],\"inLanguage\":\"de\"},{\"@type\":\"ImageObject\",\"@id\":\"https:\/\/liebe-voll-leben.com\/?p=837#primaryimage\",\"inLanguage\":\"de\",\"url\":\"http:\/\/blog.liebe-voll-leben.com\/wp-content\/uploads\/2020\/03\/630A1C27-DCD3-402C-A992-61B49319ED4D-768x1024.jpeg\"},{\"@type\":\"WebPage\",\"@id\":\"https:\/\/liebe-voll-leben.com\/?p=837#webpage\",\"url\":\"https:\/\/liebe-voll-leben.com\/?p=837\",\"name\":\"Was Dir jetzt in der Corona-Zeit helfen kann, einen klaren Verstand und ein fittes Immunsystem zu bewahren! - Liebe Voll Leben\",\"isPartOf\":{\"@id\":\"https:\/\/liebe-voll-leben.com\/#website\"},\"primaryImageOfPage\":{\"@id\":\"https:\/\/liebe-voll-leben.com\/?p=837#primaryimage\"},\"datePublished\":\"2020-03-21T15:12:47+00:00\",\"dateModified\":\"2020-03-21T18:07:25+00:00\",\"author\":{\"@id\":\"https:\/\/liebe-voll-leben.com\/#\/schema\/person\/46950beb911e4a2d4ce4f1d9ee2619b8\"},\"breadcrumb\":{\"@id\":\"https:\/\/liebe-voll-leben.com\/?p=837#breadcrumb\"},\"inLanguage\":\"de\",\"potentialAction\":[{\"@type\":\"ReadAction\",\"target\":[\"https:\/\/liebe-voll-leben.com\/?p=837\"]}]},{\"@type\":\"BreadcrumbList\",\"@id\":\"https:\/\/liebe-voll-leben.com\/?p=837#breadcrumb\",\"itemListElement\":[{\"@type\":\"ListItem\",\"position\":1,\"item\":{\"@type\":\"WebPage\",\"@id\":\"https:\/\/liebe-voll-leben.com\/\",\"url\":\"https:\/\/liebe-voll-leben.com\/\",\"name\":\"Startseite\"}},{\"@type\":\"ListItem\",\"position\":2,\"item\":{\"@type\":\"WebPage\",\"@id\":\"https:\/\/liebe-voll-leben.com\/?p=837\",\"url\":\"https:\/\/liebe-voll-leben.com\/?p=837\",\"name\":\"Was Dir jetzt in der Corona-Zeit helfen kann, einen klaren Verstand und ein fittes Immunsystem zu bewahren!\"}}]},{\"@type\":\"Person\",\"@id\":\"https:\/\/liebe-voll-leben.com\/#\/schema\/person\/46950beb911e4a2d4ce4f1d9ee2619b8\",\"name\":\"annenitzsche\",\"image\":{\"@type\":\"ImageObject\",\"@id\":\"https:\/\/liebe-voll-leben.com\/#personlogo\",\"inLanguage\":\"de\",\"url\":\"https:\/\/secure.gravatar.com\/avatar\/826448bf1cd4f835e25bf1ddf197039a?s=96&d=mm&r=g\",\"caption\":\"annenitzsche\"}}]}<\/script>\n<!-- \/ Yoast SEO plugin. -->","_links":{"self":[{"href":"https:\/\/liebe-voll-leben.com\/index.php?rest_route=\/wp\/v2\/posts\/837"}],"collection":[{"href":"https:\/\/liebe-voll-leben.com\/index.php?rest_route=\/wp\/v2\/posts"}],"about":[{"href":"https:\/\/liebe-voll-leben.com\/index.php?rest_route=\/wp\/v2\/types\/post"}],"author":[{"embeddable":true,"href":"https:\/\/liebe-voll-leben.com\/index.php?rest_route=\/wp\/v2\/users\/1"}],"replies":[{"embeddable":true,"href":"https:\/\/liebe-voll-leben.com\/index.php?rest_route=%2Fwp%2Fv2%2Fcomments&post=837"}],"version-history":[{"count":3,"href":"https:\/\/liebe-voll-leben.com\/index.php?rest_route=\/wp\/v2\/posts\/837\/revisions"}],"predecessor-version":[{"id":846,"href":"https:\/\/liebe-voll-leben.com\/index.php?rest_route=\/wp\/v2\/posts\/837\/revisions\/846"}],"wp:attachment":[{"href":"https:\/\/liebe-voll-leben.com\/index.php?rest_route=%2Fwp%2Fv2%2Fmedia&parent=837"}],"wp:term":[{"taxonomy":"category","embeddable":true,"href":"https:\/\/liebe-voll-leben.com\/index.php?rest_route=%2Fwp%2Fv2%2Fcategories&post=837"},{"taxonomy":"post_tag","embeddable":true,"href":"https:\/\/liebe-voll-leben.com\/index.php?rest_route=%2Fwp%2Fv2%2Ftags&post=837"}],"curies":[{"name":"wp","href":"https:\/\/api.w.org\/{rel}","templated":true}]}}